{"id":310,"date":"2017-06-14T19:13:02","date_gmt":"2017-06-14T19:13:02","guid":{"rendered":"http:\/\/icae.global\/en\/?p=310"},"modified":"2017-06-14T19:13:02","modified_gmt":"2017-06-14T19:13:02","slug":"the-icae-participates-in-the-meeting-of-information-and-exchanges-on-the-confintea-vi-mid-term-review-2017-organized-by-the-icea-and-the-cdeacf","status":"publish","type":"post","link":"https:\/\/icae.global\/en\/2017\/06\/the-icae-participates-in-the-meeting-of-information-and-exchanges-on-the-confintea-vi-mid-term-review-2017-organized-by-the-icea-and-the-cdeacf\/","title":{"rendered":"The ICAE participates in the meeting of information and exchanges on the CONFINTEA VI Mid-Term Review 2017 organized by the IC\u00c9A and the CD\u00c9ACF"},"content":{"rendered":"<div class=\"gmail_default\"><b>L&#8217;ICAE participe dans la s\u00e9ance d&#8217;informations et d&#8217;\u00e9changes sur la Conf\u00e9rence de Bilan de Mi-Parcours de CONFINTEA VI organis\u00e9e par l&#8217;IC\u00c9A et la CD\u00c9ACF.<\/b><\/div>\n<div class=\"gmail_default\"><b>\u00a0<\/b><\/div>\n<div class=\"gmail_default\">L&#8217;ICAE, \u00e0 travers de son agent responsable des membres et de la mobilisation, Sebasti\u00e1n Vielmas, a particip\u00e9 aujourd\u2019hui, mercredi 14 juin, \u00e0 la s\u00e9ance d&#8217;informations et des \u00e9changes sur la Conf\u00e9rence de Bilan de Mi-Parcours de CONFINTEA VI organis\u00e9 par l&#8217;Institut de coop\u00e9ration pour l&#8217;\u00e9ducation des adultes et le Centre de documentation d&#8217;\u00e9ducation des adultes et de la condition f\u00e9minine.<\/div>\n<div class=\"gmail_default\">Daniel Baril, le directeur g\u00e9n\u00e9ral de l&#8217;Institut de coop\u00e9ration pour l&#8217;\u00e9ducation des adultes (IC\u00c9A), a r\u00e9alis\u00e9 une introduction et une pr\u00e9sentation de la d\u00e9claration de CONFINTEA VI.<\/div>\n<div class=\"gmail_default\">La Commission canadienne de l&#8217;UNESCO a \u00e9t\u00e9 repr\u00e9sent\u00e9e par Isabelle Levert-Chiasson, qui a pr\u00e9sent\u00e9 le travail de la Commission au sein de l&#8217;UNESCO et de CONFINTEA.<\/div>\n<div class=\"gmail_default\">La convergence des agendas de CONFINTEA et d&#8217;\u00e9ducation des adultes et des Objectifs de d\u00e9veloppement durable a \u00e9t\u00e9 un de points soulev\u00e9s pendant la s\u00e9ance d&#8217;informations et d&#8217;\u00e9changes.<\/div>\n<div class=\"gmail_default\">Sebasti\u00e1n Vielmas a soulign\u00e9 l&#8217;importance que l&#8217;on assigne comme ICAE \u00e0 la participation de la soci\u00e9t\u00e9 civile et des mouvements sociaux pour plaider en faveur de l&#8217;\u00e9ducation des adultes comme objectif en soi et comme moyen pour accomplir les Objectifs de d\u00e9veloppement durable.<\/div>\n<div class=\"gmail_default\"><\/div>\n<div class=\"gmail_default\"><img fetchpriority=\"high\" decoding=\"async\" class=\"aligncenter size-large wp-image-311\" src=\"http:\/\/icae.global\/en\/wp-content\/uploads\/2017\/06\/SebPhotoJune14-1024x493.png\" alt=\"\" width=\"678\" height=\"326\" srcset=\"https:\/\/icae.global\/en\/wp-content\/uploads\/2017\/06\/SebPhotoJune14-1024x493.png 1024w, https:\/\/icae.global\/en\/wp-content\/uploads\/2017\/06\/SebPhotoJune14-600x289.png 600w, https:\/\/icae.global\/en\/wp-content\/uploads\/2017\/06\/SebPhotoJune14-300x144.png 300w, https:\/\/icae.global\/en\/wp-content\/uploads\/2017\/06\/SebPhotoJune14-768x370.png 768w, https:\/\/icae.global\/en\/wp-content\/uploads\/2017\/06\/SebPhotoJune14.png 1921w\" sizes=\"(max-width: 678px) 100vw, 678px\" \/><\/div>\n<div class=\"gmail_default\"><\/div>\n<div class=\"gmail_default\"><b>The ICAE participates in the meeting of information and exchanges on the CONFINTEA VI Mid-Term Review 2017 organized by the IC\u00c9A and the CD\u00c9ACF.\u00a0<\/b><\/div>\n<div class=\"gmail_default\"><\/div>\n<div class=\"gmail_default\">The ICAE, through its membership and mobilization officer, Sebasti\u00e1n Vielmas, participated today, Wednesday, 14 June, at the meeting of information and exchanges on CONFINTEA VI Mid-Term Review 2017 organized by the l&#8217;Institut de coop\u00e9ration pour l&#8217;\u00e9ducation des adultes and the Centre de documentation d&#8217;\u00e9ducation des adultes et de la condition f\u00e9minine.<\/div>\n<div class=\"gmail_default\">Daniel Baril, the Director General of the Institute of Co-operation for the education of adults (IC\u00c9A), has conducted an introduction and a presentation of the Declaration of CONFINTEA VI.<\/div>\n<div class=\"gmail_default\">The Canadian Commission for UNESCO was represented by Isabelle Levert-Chiasson, who presented the work of the Commission within the framework of UNESCO and CONFINTEA.<\/div>\n<div class=\"gmail_default\">The convergence of agendas of CONFINTEA and adult education and the Sustainable Development Goals (SDG) has been one of the points raised during the meeting of information and exchanges.<\/div>\n<div class=\"gmail_default\">Sebasti\u00e1n Vielmas stressed the importance that ICAE assigns to the participation of civil society and social movements to plead in favour of the education of adults as a goal in itself and as a means to accomplish the objectives of sustainable development.<\/div>\n","protected":false},"excerpt":{"rendered":"<p>L&#8217;ICAE participe dans la s\u00e9ance d&#8217;informations et d&#8217;\u00e9changes sur la Conf\u00e9rence de Bilan de Mi-Parcours de CONFINTEA VI organis\u00e9e par l&#8217;IC\u00c9A et la CD\u00c9ACF. \u00a0 L&#8217;ICAE, \u00e0 travers de son agent responsable des membres et de la mobilisation, Sebasti\u00e1n Vielmas, a particip\u00e9 aujourd\u2019hui, mercredi 14 juin, \u00e0 la s\u00e9ance d&#8217;informations et des \u00e9changes sur la &#8230; <\/p>\n<p class=\"read-more-container\"><a title=\"The ICAE participates in the meeting of information and exchanges on the CONFINTEA VI Mid-Term Review 2017 organized by the IC\u00c9A and the CD\u00c9ACF\" class=\"read-more button\" href=\"https:\/\/icae.global\/en\/2017\/06\/the-icae-participates-in-the-meeting-of-information-and-exchanges-on-the-confintea-vi-mid-term-review-2017-organized-by-the-icea-and-the-cdeacf\/#more-310\">Read more<span class=\"screen-reader-text\">The ICAE participates in the meeting of information and exchanges on the CONFINTEA VI Mid-Term Review 2017 organized by the IC\u00c9A and the CD\u00c9ACF<\/span><\/a><\/p>\n","protected":false},"author":1,"featured_media":0,"comment_status":"open","ping_status":"open","sticky":false,"template":"","format":"standard","meta":{"_exactmetrics_skip_tracking":false,"_exactmetrics_sitenote_active":false,"_exactmetrics_sitenote_note":"","_exactmetrics_sitenote_category":0,"_monsterinsights_skip_tracking":false,"_jetpack_memberships_contains_paid_content":false,"footnotes":""},"categories":[5,2,4],"tags":[],"class_list":["post-310","post","type-post","status-publish","format-standard","hentry","category-events","category-icae","category-news","lalita-columns","tablet-grid-50","mobile-grid-100","grid-parent","grid-50"],"aioseo_notices":[],"jetpack_sharing_enabled":true,"jetpack_featured_media_url":"","post_mailing_queue_ids":[],"_links":{"self":[{"href":"https:\/\/icae.global\/en\/wp-json\/wp\/v2\/post\/310"}],"collection":[{"href":"https:\/\/icae.global\/en\/wp-json\/wp\/v2\/post"}],"about":[{"href":"https:\/\/icae.global\/en\/wp-json\/wp\/v2\/types\/post"}],"author":[{"embeddable":true,"href":"https:\/\/icae.global\/en\/wp-json\/wp\/v2\/users\/1"}],"replies":[{"embeddable":true,"href":"https:\/\/icae.global\/en\/wp-json\/wp\/v2\/comments?post=310"}],"version-history":[{"count":1,"href":"https:\/\/icae.global\/en\/wp-json\/wp\/v2\/post\/310\/revisions"}],"predecessor-version":[{"id":313,"href":"https:\/\/icae.global\/en\/wp-json\/wp\/v2\/post\/310\/revisions\/313"}],"wp:attachment":[{"href":"https:\/\/icae.global\/en\/wp-json\/wp\/v2\/media?parent=310"}],"wp:term":[{"taxonomy":"category","embeddable":true,"href":"https:\/\/icae.global\/en\/wp-json\/wp\/v2\/categories?post=310"},{"taxonomy":"post_tag","embeddable":true,"href":"https:\/\/icae.global\/en\/wp-json\/wp\/v2\/tags?post=310"}],"curies":[{"name":"wp","href":"https:\/\/api.w.org\/{rel}","templated":true}]}}